{"id":4248,"date":"2022-03-28T08:04:22","date_gmt":"2022-03-28T11:04:22","guid":{"rendered":"https:\/\/massa.ind.br\/?p=4248"},"modified":"2023-01-13T08:57:01","modified_gmt":"2023-01-13T11:57:01","slug":"agronegocio-cresce-na-pandemia","status":"publish","type":"post","link":"https:\/\/massa.ind.br\/es\/agronegocio-cresce-na-pandemia\/","title":{"rendered":"La agroindustria crece en la pandemia: Se\u00f1ales de que el sector ferroviario necesita inversiones"},"content":{"rendered":"<p>A pesar de que la pandemia del covid-19 ha afectado a todo el mundo en un esquema de producci\u00f3n y consumo econ\u00f3mico e industrial, algunas situaciones se mantuvieron e incluso evolucionaron. Que el agronegocio crece en la pandemia en Brasil, esto parece cada vez m\u00e1s un hecho, pero lo m\u00e1s curioso es tratar de entender c\u00f3mo sucedi\u00f3 en el pa\u00eds este hecho, que se desarroll\u00f3 en cuesti\u00f3n de poco m\u00e1s de un a\u00f1o.<\/p>\n\n\n\n<p>Por mucho que el sistema alimentario en el mundo parezca mostrar signos de insostenibilidad frente a una crisis econ\u00f3mica tan grande como la de 2008, que involucra a los pa\u00edses en un sistema de emergencia global, Brasil se dio cuenta de que, de acuerdo con el esquema correcto y la log\u00edstica moderna tecnolog\u00eda, es posible lograr el llamado poscapitalismo pospandemia, actuando conscientemente con el sector privado del pa\u00eds.<\/p>\n\n\n\n<p>Como veremos m\u00e1s adelante, hacer crecer la <a href=\"https:\/\/massa.ind.br\/es\/gestao-do-agronegocio\/\">agroindustrias<\/a> en la pandemia tambi\u00e9n es un \u201cproblema\u201d cuya soluci\u00f3n se encuentra en los m\u00e1s diversos \u00e1mbitos de consumo y producci\u00f3n del pa\u00eds, siendo uno de ellos el ferrocarril y el correcto uso de los corredores de exportaci\u00f3n. En el mundo moderno, lo que cuenta es un pa\u00eds capaz de hacer frente a una crisis global y al mismo tiempo crecer en este sistema utilizando todos los medios posibles a su favor.<\/p>\n\n\n\n<h2 class=\"wp-block-heading\"><strong>Comparativo entre 2019 y 2020<\/strong><\/h2>\n\n\n\n<div class=\"wp-block-image\"><figure class=\"aligncenter size-large\"><img loading=\"lazy\" decoding=\"async\" width=\"1024\" height=\"682\" src=\"https:\/\/massa.ind.br\/wp-content\/uploads\/2022\/03\/planta\u00e7\u00e3o-de-milho-1024x682.jpg\" alt=\"planta\u00e7\u00e3o de milho\" class=\"wp-image-4258\" srcset=\"https:\/\/massa.ind.br\/wp-content\/uploads\/2022\/03\/planta\u00e7\u00e3o-de-milho-1024x682.jpg 1024w, https:\/\/massa.ind.br\/wp-content\/uploads\/2022\/03\/planta\u00e7\u00e3o-de-milho-300x200.jpg 300w, https:\/\/massa.ind.br\/wp-content\/uploads\/2022\/03\/planta\u00e7\u00e3o-de-milho-768x511.jpg 768w, https:\/\/massa.ind.br\/wp-content\/uploads\/2022\/03\/planta\u00e7\u00e3o-de-milho-1536x1023.jpg 1536w, https:\/\/massa.ind.br\/wp-content\/uploads\/2022\/03\/planta\u00e7\u00e3o-de-milho-2048x1364.jpg 2048w, https:\/\/massa.ind.br\/wp-content\/uploads\/2022\/03\/planta\u00e7\u00e3o-de-milho-1170x780.jpg 1170w, https:\/\/massa.ind.br\/wp-content\/uploads\/2022\/03\/planta\u00e7\u00e3o-de-milho-500x333.jpg 500w\" sizes=\"auto, (max-width: 1024px) 100vw, 1024px\" \/><\/figure><\/div>\n\n\n\n<p>De 2019 a 2020, la agroindustria creci\u00f3 en la pandemia de manera que aument\u00f3 el 23% del PIB de la agroindustria brasile\u00f1a, llegando a casi dos billones de reales. Con una superficie cultivable de 64 millones de hect\u00e1reas, el pa\u00eds producir\u00e1 268 millones de toneladas de cereales, cifra r\u00e9cord.<\/p>\n\n\n\n<p>Sin embargo, reflejado de forma inversamente proporcional, el n\u00famero de personas ocupadas es motivo de preocupaci\u00f3n. Disminuyendo de un a\u00f1o a otro en un 8,9%, este es un fuerte indicio de que el pa\u00eds necesita enfrentar urgentemente este aumento en la producci\u00f3n para poder acoger a las personas afectadas por la crisis. Dando trabajo a todos, utilizando nuevos sistemas que no estaban pensados \u200b\u200bel a\u00f1o pasado y haciendo un <a href=\"https:\/\/massa.ind.br\/es\/desafios-logisticos-no-brasil\/\">mercado de consumo interno<\/a> cada vez m\u00e1s activo, aprovechando el aumento de la producci\u00f3n m\u00e1s all\u00e1 del mercado externo de abastecimiento de alimentos.<\/p>\n\n\n\n<h2 class=\"wp-block-heading\"><strong>Una log\u00edstica eficiente puede facilitar el crecimiento del mercado<\/strong><\/h2>\n\n\n\n<div class=\"wp-block-image\"><figure class=\"aligncenter size-large\"><img loading=\"lazy\" decoding=\"async\" width=\"1024\" height=\"721\" src=\"https:\/\/massa.ind.br\/wp-content\/uploads\/2022\/03\/agroneg\u00f3cio-cresce-na-pandemia-1024x721.jpg\" alt=\"agroneg\u00f3cio cresce na pandemia\" class=\"wp-image-4259\" srcset=\"https:\/\/massa.ind.br\/wp-content\/uploads\/2022\/03\/agroneg\u00f3cio-cresce-na-pandemia-1024x721.jpg 1024w, https:\/\/massa.ind.br\/wp-content\/uploads\/2022\/03\/agroneg\u00f3cio-cresce-na-pandemia-300x211.jpg 300w, https:\/\/massa.ind.br\/wp-content\/uploads\/2022\/03\/agroneg\u00f3cio-cresce-na-pandemia-768x541.jpg 768w, https:\/\/massa.ind.br\/wp-content\/uploads\/2022\/03\/agroneg\u00f3cio-cresce-na-pandemia-500x352.jpg 500w, https:\/\/massa.ind.br\/wp-content\/uploads\/2022\/03\/agroneg\u00f3cio-cresce-na-pandemia.jpg 1299w\" sizes=\"auto, (max-width: 1024px) 100vw, 1024px\" \/><\/figure><\/div>\n\n\n\n<p>Por eso precisamente la respuesta a todos los nuevos problemas que se enfrentan en la pandemia pasa por la log\u00edstica. Esta log\u00edstica est\u00e1 asociada a la construcci\u00f3n de nuevos corredores de exportaci\u00f3n, porque si el agronegocio crece en la pandemia, es muy importante el uso de medios de transporte con <a href=\"https:\/\/massa.ind.br\/es\/transporte-ferroviario-de-cargas\/\">capacidad de libre expansi\u00f3n como el ferrocarril<\/a>, el desinflamiento del sistema vial. Todo eso es parte del mismo esquema organizativo que pretende ajustar definitivamente los cuellos de botella existentes en la distribuci\u00f3n de commodities en Brasil.<\/p>\n\n\n\n<p>De esta manera, los ferrocarriles finalmente podr\u00e1n mostrar el verdadero potencial de Brasil. Como se ve en otros art\u00edculos del blog describiendo los proyectos y ampliaciones ferroviarias realizadas en el pa\u00eds en los \u00faltimos a\u00f1os, todo esto combinado con la paulatina privatizaci\u00f3n del sector ferroviario, solo a trav\u00e9s de esta organizaci\u00f3n moderna dentro del mundo pospandemia ser\u00e1 posible construir algo s\u00f3lida y con armon\u00eda dentro del sistema econ\u00f3mico.<\/p>\n\n\n\n<p>Porque el crecimiento de la agroindustria en la pandemia no necesariamente conduce al crecimiento de todos los dem\u00e1s sectores de distribuci\u00f3n, ya sea la carretera, que est\u00e1 muy extendida en Brasil pero est\u00e1 llegando a su l\u00edmite, o la v\u00eda fluvial, incapaz de sostener todas las cargas adicionales distribuidas.<\/p>\n\n\n\n<h2 class=\"wp-block-heading\"><strong>Consecuencias y efectos de la pospandemia en los agronegocios<\/strong><\/h2>\n\n\n\n<div class=\"wp-block-image\"><figure class=\"aligncenter size-large\"><img loading=\"lazy\" decoding=\"async\" width=\"1024\" height=\"422\" src=\"https:\/\/massa.ind.br\/wp-content\/uploads\/2022\/03\/trem-de-carga-1-1024x422.jpg\" alt=\"trem de carga\" class=\"wp-image-4260\" srcset=\"https:\/\/massa.ind.br\/wp-content\/uploads\/2022\/03\/trem-de-carga-1-1024x422.jpg 1024w, https:\/\/massa.ind.br\/wp-content\/uploads\/2022\/03\/trem-de-carga-1-300x124.jpg 300w, https:\/\/massa.ind.br\/wp-content\/uploads\/2022\/03\/trem-de-carga-1-768x317.jpg 768w, https:\/\/massa.ind.br\/wp-content\/uploads\/2022\/03\/trem-de-carga-1-1536x633.jpg 1536w, https:\/\/massa.ind.br\/wp-content\/uploads\/2022\/03\/trem-de-carga-1-2048x844.jpg 2048w, https:\/\/massa.ind.br\/wp-content\/uploads\/2022\/03\/trem-de-carga-1-500x206.jpg 500w\" sizes=\"auto, (max-width: 1024px) 100vw, 1024px\" \/><\/figure><\/div>\n\n\n\n<p>Entonces, las consecuencias que se notan con la pandemia es que lo m\u00e1s importante en el mundo actual de la agroindustria es la correcta organizaci\u00f3n y log\u00edstica. Como se vio con el caso de China, donde se inici\u00f3 el virus, se debe planificar y contener la situaci\u00f3n, para que no se interrumpa el suministro de alimentos interno y externo. La gravedad de una situaci\u00f3n aleatoria como esta saboteando a pr\u00e1cticamente todos impidiendo la distribuci\u00f3n de productos b\u00e1sicos muestra c\u00f3mo estos efectos no deben ser tratados como cosas menores.<\/p>\n\n\n\n<p>Tambi\u00e9n se debe llevar a cabo la intervenci\u00f3n del Estado para darle un respiro al sector privado. Una alianza que permita a ambos utilizar los sistemas funcionales del pa\u00eds, mientras los agronegocios siguen creciendo en la pandemia y estos siempre mantienen su funci\u00f3n b\u00e1sica de abastecimiento. Brasil, habiendo superado incluso a los Estados Unidos en la producci\u00f3n de soja, es fundamental en este problema, porque con el crecimiento de la agroindustria brasile\u00f1a, s\u00f3lo la correcta <a href=\"https:\/\/massa.ind.br\/es\/custos-logisticos-de-transporte\/\">log\u00edstica<\/a> son capaces de evitar que todo esto se derrumbe.<\/p>\n\n\n\n<h2 class=\"wp-block-heading\"><strong>Conclusi\u00f3n: la agroindustria crece en la pandemia<\/strong><\/h2>\n\n\n\n<div class=\"wp-block-image\"><figure class=\"aligncenter size-large\"><img loading=\"lazy\" decoding=\"async\" width=\"1024\" height=\"682\" src=\"https:\/\/massa.ind.br\/wp-content\/uploads\/2022\/03\/ferrovia-no-meio-de-planta\u00e7\u00e3o-1024x682.jpg\" alt=\"ferrovia no meio de planta\u00e7\u00e3o\" class=\"wp-image-4261\" srcset=\"https:\/\/massa.ind.br\/wp-content\/uploads\/2022\/03\/ferrovia-no-meio-de-planta\u00e7\u00e3o-1024x682.jpg 1024w, https:\/\/massa.ind.br\/wp-content\/uploads\/2022\/03\/ferrovia-no-meio-de-planta\u00e7\u00e3o-300x200.jpg 300w, https:\/\/massa.ind.br\/wp-content\/uploads\/2022\/03\/ferrovia-no-meio-de-planta\u00e7\u00e3o-768x512.jpg 768w, https:\/\/massa.ind.br\/wp-content\/uploads\/2022\/03\/ferrovia-no-meio-de-planta\u00e7\u00e3o-1536x1023.jpg 1536w, https:\/\/massa.ind.br\/wp-content\/uploads\/2022\/03\/ferrovia-no-meio-de-planta\u00e7\u00e3o-2048x1365.jpg 2048w, https:\/\/massa.ind.br\/wp-content\/uploads\/2022\/03\/ferrovia-no-meio-de-planta\u00e7\u00e3o-1170x780.jpg 1170w, https:\/\/massa.ind.br\/wp-content\/uploads\/2022\/03\/ferrovia-no-meio-de-planta\u00e7\u00e3o-500x333.jpg 500w\" sizes=\"auto, (max-width: 1024px) 100vw, 1024px\" \/><\/figure><\/div>\n\n\n\n<p>Como hemos visto, los problemas del mundo moderno est\u00e1n todos rodeados de una planificaci\u00f3n correcta o incorrecta, ya sea en el sistema alimentario y la agroindustria, que crece en la pandemia, o en el sistema econ\u00f3mico y los empleos, que decaen en la pandemia.<\/p>\n\n\n\n<p>Una crisis global no siempre significa el fracaso total del sistema industrial de un pa\u00eds, pero puede tener graves consecuencias en sectores muy importantes dentro del esquema global, como hemos visto incluso en el suministro de alimentos. Si no se entiende el fen\u00f3meno de la ganancia en la crisis, y c\u00f3mo ajustar esa ganancia, pronto se convertir\u00e1 en una p\u00e9rdida y quiz\u00e1s hasta en un problema de escalas incontrolables.<\/p>\n\n\n\n<p>Por eso mismo, no solo a trav\u00e9s de los ferrocarriles y corredores log\u00edsticos, sino tambi\u00e9n a trav\u00e9s de una reconfiguraci\u00f3n del sistema log\u00edstico y privado aliado al Estado en el pa\u00eds, podremos entender realmente por qu\u00e9 la agroindustria crece en la pandemia y por qu\u00e9 podemos hacer de esto una forma de abrirnos para recuperarnos de la crisis y tal vez convertirlo en una oportunidad para crecer y abastecer al mundo.<\/p>\n\n\n\n<p>Fuentes:<\/p>\n\n\n\n<p><a href=\"https:\/\/www.brasildefato.com.br\/2021\/01\/26\/artigo-o-mundo-pandemia-e-o-pos-pandemia-do-agronegocio\">https:\/\/www.brasildefato.com.br\/2021\/01\/26\/artigo-o-mundo-pandemia-e-o-pos-pandemia-do-agronegocio<\/a><\/p>\n\n\n\n<p><a href=\"https:\/\/www.cepea.esalq.usp.br\/br\/opiniao-cepea\/mercado-de-trabalho-e-pandemia-agronegocio-evidencia-resiliencia-frente-a-crises.aspx\">https:\/\/www.cepea.esalq.usp.br\/br\/opiniao-cepea\/mercado-de-trabalho-e-pandemia-agronegocio-evidencia-resiliencia-frente-a-crises.aspx<\/a><\/p>\n\n\n\n<figure class=\"wp-block-embed-wordpress wp-block-embed is-type-wp-embed is-provider-forbes-brasil\"><div class=\"wp-block-embed__wrapper\">\nhttps:\/\/forbes.com.br\/negocios\/2020\/12\/nem-a-pandemia-de-covid-19-para-o-agronegocio-brasileiro\/\n<\/div><\/figure>\n\n\n\n<figure class=\"wp-block-embed-wordpress wp-block-embed is-type-wp-embed is-provider-o-presente-rural\"><div class=\"wp-block-embed__wrapper\">\n<blockquote class=\"wp-embedded-content\" data-secret=\"7m0aycLKQ8\"><a href=\"https:\/\/opresenterural.com.br\/o-agronegocio-brasileiro-seus-potenciais-e-desafios-em-meia-a-pandemia\/\">O agroneg\u00f3cio brasileiro, seus potenciais e desafios em meio \u00e0 pandemia<\/a><\/blockquote><iframe loading=\"lazy\" class=\"wp-embedded-content\" sandbox=\"allow-scripts\" security=\"restricted\" style=\"position: absolute; visibility: hidden;\" title=\"&#8220;O agroneg\u00f3cio brasileiro, seus potenciais e desafios em meio \u00e0 pandemia&#8221; &#8212; O Presente Rural\" src=\"https:\/\/opresenterural.com.br\/o-agronegocio-brasileiro-seus-potenciais-e-desafios-em-meia-a-pandemia\/embed\/#?secret=FRA38S9lbs#?secret=7m0aycLKQ8\" data-secret=\"7m0aycLKQ8\" width=\"600\" height=\"338\" frameborder=\"0\" marginwidth=\"0\" marginheight=\"0\" scrolling=\"no\"><\/iframe>\n<\/div><\/figure>","protected":false},"excerpt":{"rendered":"Apesar da pandemia de covid-19 ter afetado todo o mundo em um esquema econ\u00f4mico e industrial de produ\u00e7\u00e3o e consumo, algumas situa\u00e7\u00f5es permaneceram as mesmas e at\u00e9 mesmo chegaram a evoluir. Que o agroneg\u00f3cio cresce na pandemia no Brasil, isso parece cada vez mais um fato, mas o mais curioso \u00e9 tentar entender como esse fato, que se desenvolveu em quest\u00e3o de pouco mais de um ano, aconteceu no pa\u00eds. Por mais que o sistema alimentar no mundo pare\u00e7a dar ind\u00edcios de uma insustentabilidade em vias de uma crise t\u00e3o econ\u00f4mica t\u00e3o grande quanto a de 2008, envolvendo pa\u00edses em um sistema global de urg\u00eancia, o Brasil percebeu que de acordo com o esquema correto e a log\u00edstica moderna, \u00e9 poss\u00edvel atingir o chamado p\u00f3s-capitalismo da p\u00f3s-pandemia, agindo de maneira consciente junto do setor privado no pa\u00eds. Como veremos mais adiante, o agroneg\u00f3cio crescer na pandemia tamb\u00e9m \u00e9 um \u201cproblema\u201d cuja solu\u00e7\u00e3o pode ser encontrada nas \u00e1reas mais diversas de consumo e produ\u00e7\u00e3o do pa\u00eds, uma delas sendo as ferrovias e a correta utiliza\u00e7\u00e3o de corredores de exporta\u00e7\u00e3o. No mundo moderno, o que conta \u00e9 um pa\u00eds capaz de lidar com uma crise mundial e ao mesmo tempo crescer nesse sistema utilizando todos os meios poss\u00edveis a seu favor. Comparativo entre 2019 e 2020 De 2019 para 2020, o agroneg\u00f3cio cresceu na pandemia de maneira a aumentar 23% do PIB do agroneg\u00f3cio brasileiro, chegando a quase dois trilh\u00f5es de reais. Com uma \u00e1rea agricult\u00e1vel de 64 milh\u00f5es de hectares, o pa\u00eds chegar\u00e1 a produzir 268 milh\u00f5es de toneladas de gr\u00e3os, um n\u00famero recorde. Por\u00e9m refletido de maneira inversamente proporcional, o n\u00famero de pessoas empregadas preocupa. Diminuindo de um ano para o outro em 8,9%, trata-se de um forte ind\u00edcio que o pa\u00eds precisa urgentemente lidar com esse aumento de produ\u00e7\u00e3o de maneira a acolher as pessoas afetadas pela crise. Dar emprego para todos, usar de sistemas novos que n\u00e3o eram pensados no ano passado e fazer um mercado consumidor interno cada vez mais ativo, usufruindo do aumento da produ\u00e7\u00e3o para al\u00e9m do mercado externo de abastecimento aliment\u00edcio. Log\u00edstica eficiente pode facilitar aumento do mercado \u00c9 por isso que justamente a resposta para todos os novos problemas enfrentados na pandemia envolvem a log\u00edstica. Log\u00edstica essa que est\u00e1 associada com a constru\u00e7\u00e3o de novos corredores de exporta\u00e7\u00e3o, pois se o agroneg\u00f3cio cresce na pandemia a utiliza\u00e7\u00e3o dos meios de transporte com livre capacidade de expans\u00e3o como as ferrovias, o desinchar do sistema rodovi\u00e1rio \u00e9 muito importante. Tudo isso faz parte de um mesmo esquema de organiza\u00e7\u00e3o que pretende ajustar definitivamente os gargalos existentes na distribui\u00e7\u00e3o de commodities no Brasil. Dessa forma, as ferrovias podem ent\u00e3o finalmente mostrar o verdadeiro potencial para o Brasil. Como visto em outros artigos do blog descrevendo os projetos de ferrovias e amplia\u00e7\u00f5es feitas no pa\u00eds nos \u00faltimos anos, isso tudo aliado a privatiza\u00e7\u00e3o gradual do setor ferrovi\u00e1rio, somente atrav\u00e9s dessa organiza\u00e7\u00e3o moderna dentro do mundo p\u00f3s pandemia ser\u00e1 poss\u00edvel a constru\u00e7\u00e3o de algo s\u00f3lido e com harmonia dentro do sistema econ\u00f4mico. Porque o agroneg\u00f3cio crescer na pandemia n\u00e3o necessariamente acarreta no crescimento de todos os outros setores de distribui\u00e7\u00e3o, seja ele o rodovi\u00e1rio que \u00e9 amplo no Brasil mas est\u00e1 atingindo seu limite, seja ele o hidrovi\u00e1rio, incapaz de sustentar todas cargas extras distribu\u00eddas. Consequ\u00eancias e efeitos do p\u00f3s pandemia no agroneg\u00f3cio Ent\u00e3o, as consequ\u00eancias que se tornam percept\u00edveis com a pandemia s\u00e3o as de que o mais importante no mundo atual do agroneg\u00f3cio \u00e9 a organiza\u00e7\u00e3o e log\u00edstica correta. Como visto com o caso da China, por onde come\u00e7ou o v\u00edrus, a situa\u00e7\u00e3o deve ser planejada e contida, para que o abastecimento interno e externo de alimentos n\u00e3o seja interrompido. A gravidade de uma situa\u00e7\u00e3o aleat\u00f3ria como essa sabotando praticamente todo o mundo com o impedimento da distribui\u00e7\u00e3o de produtos b\u00e1sicos mostra como esses efeitos n\u00e3o devem ser tratados como coisas menores. Deve ser feita uma interven\u00e7\u00e3o estatal capaz de dar tamb\u00e9m liberdade para o setor privado respirar. Uma parceria que permite ambos usar dos sistemas funcionais do pa\u00eds, enquanto o agroneg\u00f3cio continua a crescer na pandemia e estes mant\u00eam sempre sua fun\u00e7\u00e3o b\u00e1sica de abastecimento. O Brasil, tendo ultrapassado at\u00e9 mesmo os Estados Unidos na produ\u00e7\u00e3o de soja, \u00e9 fundamental nesse problema, pois com o crescimento do agroneg\u00f3cio brasileiro somente a log\u00edstica correta \u00e9 capaz de n\u00e3o fazer isso tudo colapsar. Conclus\u00e3o: agroneg\u00f3cio cresce na pandemia Como vimos, os problemas do mundo moderno est\u00e3o todos cercados pelo planejamento correto ou incorreto, seja do sistema aliment\u00edcio e do agroneg\u00f3cio, que cresce na pandemia, seja no sistema econ\u00f4mico e dos empregos, que diminuem na pandemia. Uma crise mundial nem sempre significa a total falha do sistema industrial de um pa\u00eds, mas pode ter consequ\u00eancias graves em setores important\u00edssimos dentro do esquema mundial, como vimos at\u00e9 mesmo no abastecimento alimentar. Se n\u00e3o for compreendido tanto o fen\u00f4meno de lucro na crise, quanto o de como ajustar esse lucro, ele logo ir\u00e1 se transformar em preju\u00edzo e talvez at\u00e9 mesmo em um problema de escalas incontrol\u00e1veis. Por isso mesmo, atrav\u00e9s n\u00e3o s\u00f3 das ferrovias e dos corredores log\u00edsticos, como tamb\u00e9m de atrav\u00e9s de um reconfigura\u00e7\u00e3o do sistema log\u00edstico e privado aliado ao estado no pa\u00eds, poderemos compreender realmente porque o agroneg\u00f3cio cresce na pandemia e porque podemos fazer disso uma via de abertura para n\u00f3s retomarmos da crise e talvez fazer dela uma oportunidade de crescer e abastecer o mundo. Fontes: https:\/\/www.brasildefato.com.br\/2021\/01\/26\/artigo-o-mundo-pandemia-e-o-pos-pandemia-do-agronegocio https:\/\/www.cepea.esalq.usp.br\/br\/opiniao-cepea\/mercado-de-trabalho-e-pandemia-agronegocio-evidencia-resiliencia-frente-a-crises.aspx","protected":false},"author":1,"featured_media":4349,"comment_status":"closed","ping_status":"closed","sticky":false,"template":"","format":"standard","meta":{"footnotes":""},"categories":[59],"tags":[],"class_list":["post-4248","post","type-post","status-publish","format-standard","has-post-thumbnail","hentry","category-agropecuaria"],"yoast_head":"<!-- This site is optimized with the Yoast SEO plugin v24.7 - https:\/\/yoast.com\/wordpress\/plugins\/seo\/ -->\n<title>Agroneg\u00f3cio cresce na pandemia - Massa Pesagem e Automa\u00e7\u00e3o<\/title>\n<meta name=\"description\" content=\"Apesar de toda a crise econ\u00f4nica envolvendo o Covid-19, o agroneg\u00f3cio cresce na pandemia, fortalecendo a necessidade de investimentos em novas ferrovias.\" \/>\n<meta name=\"robots\" content=\"index, follow, max-snippet:-1, max-image-preview:large, max-video-preview:-1\" \/>\n<link rel=\"canonical\" href=\"https:\/\/massa.ind.br\/es\/agronegocio-cresce-na-pandemia\/agronegocio-cresce-na-pandemia\/\" \/>\n<meta property=\"og:locale\" content=\"es_ES\" \/>\n<meta property=\"og:type\" content=\"article\" \/>\n<meta property=\"og:title\" content=\"Agroneg\u00f3cio cresce na pandemia - Massa Pesagem e Automa\u00e7\u00e3o\" \/>\n<meta property=\"og:description\" content=\"Apesar de toda a crise econ\u00f4nica envolvendo o Covid-19, o agroneg\u00f3cio cresce na pandemia, fortalecendo a necessidade de investimentos em novas ferrovias.\" \/>\n<meta property=\"og:url\" content=\"https:\/\/massa.ind.br\/es\/agronegocio-cresce-na-pandemia\/agronegocio-cresce-na-pandemia\/\" \/>\n<meta property=\"og:site_name\" content=\"Massa - Pesagem e Automa\u00e7\u00e3o Industrial\" \/>\n<meta property=\"article:published_time\" content=\"2022-03-28T11:04:22+00:00\" \/>\n<meta property=\"article:modified_time\" content=\"2023-01-13T11:57:01+00:00\" \/>\n<meta property=\"og:image\" content=\"https:\/\/massa.ind.br\/wp-content\/uploads\/2022\/03\/foggy-scenery-of-train-on-the-railroad-2021-09-02-15-12-43-utc.png\" \/>\n\t<meta property=\"og:image:width\" content=\"1000\" \/>\n\t<meta property=\"og:image:height\" content=\"563\" \/>\n\t<meta property=\"og:image:type\" content=\"image\/png\" \/>\n<meta name=\"author\" content=\"admin\" \/>\n<meta name=\"twitter:card\" content=\"summary_large_image\" \/>\n<meta name=\"twitter:label1\" content=\"Escrito por\" \/>\n\t<meta name=\"twitter:data1\" content=\"admin\" \/>\n\t<meta name=\"twitter:label2\" content=\"Tiempo de lectura\" \/>\n\t<meta name=\"twitter:data2\" content=\"5 minutos\" \/>\n<script type=\"application\/ld+json\" class=\"yoast-schema-graph\">{\"@context\":\"https:\/\/schema.org\",\"@graph\":[{\"@type\":\"WebPage\",\"@id\":\"https:\/\/massa.ind.br\/en\/agronegocio-cresce-na-pandemia\/\",\"url\":\"https:\/\/massa.ind.br\/en\/agronegocio-cresce-na-pandemia\/\",\"name\":\"Agroneg\u00f3cio cresce na pandemia - Massa Pesagem e Automa\u00e7\u00e3o\",\"isPartOf\":{\"@id\":\"https:\/\/massa.ind.br\/#website\"},\"primaryImageOfPage\":{\"@id\":\"https:\/\/massa.ind.br\/en\/agronegocio-cresce-na-pandemia\/#primaryimage\"},\"image\":{\"@id\":\"https:\/\/massa.ind.br\/en\/agronegocio-cresce-na-pandemia\/#primaryimage\"},\"thumbnailUrl\":\"https:\/\/massa.ind.br\/wp-content\/uploads\/2022\/03\/foggy-scenery-of-train-on-the-railroad-2021-09-02-15-12-43-utc.png\",\"datePublished\":\"2022-03-28T11:04:22+00:00\",\"dateModified\":\"2023-01-13T11:57:01+00:00\",\"author\":{\"@id\":\"https:\/\/massa.ind.br\/#\/schema\/person\/8472a35801282c9e7def2659552ed99c\"},\"description\":\"Apesar de toda a crise econ\u00f4nica envolvendo o Covid-19, o agroneg\u00f3cio cresce na pandemia, fortalecendo a necessidade de investimentos em novas ferrovias.\",\"breadcrumb\":{\"@id\":\"https:\/\/massa.ind.br\/en\/agronegocio-cresce-na-pandemia\/#breadcrumb\"},\"inLanguage\":\"es\",\"potentialAction\":[{\"@type\":\"ReadAction\",\"target\":[\"https:\/\/massa.ind.br\/en\/agronegocio-cresce-na-pandemia\/\"]}]},{\"@type\":\"ImageObject\",\"inLanguage\":\"es\",\"@id\":\"https:\/\/massa.ind.br\/en\/agronegocio-cresce-na-pandemia\/#primaryimage\",\"url\":\"https:\/\/massa.ind.br\/wp-content\/uploads\/2022\/03\/foggy-scenery-of-train-on-the-railroad-2021-09-02-15-12-43-utc.png\",\"contentUrl\":\"https:\/\/massa.ind.br\/wp-content\/uploads\/2022\/03\/foggy-scenery-of-train-on-the-railroad-2021-09-02-15-12-43-utc.png\",\"width\":\"1000\",\"height\":\"563\",\"caption\":\"Agroneg\u00f3cio cresce na pandemia: Sinais que o setor ferrovi\u00e1rio precisa de investimentos\"},{\"@type\":\"BreadcrumbList\",\"@id\":\"https:\/\/massa.ind.br\/en\/agronegocio-cresce-na-pandemia\/#breadcrumb\",\"itemListElement\":[{\"@type\":\"ListItem\",\"position\":1,\"name\":\"In\u00edcio\",\"item\":\"https:\/\/massa.ind.br\/\"},{\"@type\":\"ListItem\",\"position\":2,\"name\":\"Agroneg\u00f3cio cresce na pandemia: Sinais que o setor ferrovi\u00e1rio precisa de investimentos\"}]},{\"@type\":\"WebSite\",\"@id\":\"https:\/\/massa.ind.br\/#website\",\"url\":\"https:\/\/massa.ind.br\/\",\"name\":\"Massa - Pesagem e Automa\u00e7\u00e3o Industrial\",\"description\":\"S\u00f3 mais um site WordPress\",\"potentialAction\":[{\"@type\":\"SearchAction\",\"target\":{\"@type\":\"EntryPoint\",\"urlTemplate\":\"https:\/\/massa.ind.br\/?s={search_term_string}\"},\"query-input\":{\"@type\":\"PropertyValueSpecification\",\"valueRequired\":true,\"valueName\":\"search_term_string\"}}],\"inLanguage\":\"es\"},{\"@type\":\"Person\",\"@id\":\"https:\/\/massa.ind.br\/#\/schema\/person\/8472a35801282c9e7def2659552ed99c\",\"name\":\"admin\",\"image\":{\"@type\":\"ImageObject\",\"inLanguage\":\"es\",\"@id\":\"https:\/\/massa.ind.br\/#\/schema\/person\/image\/\",\"url\":\"https:\/\/secure.gravatar.com\/avatar\/aab0d85895ace57da4c8587c552b51d1?s=96&d=mm&r=g\",\"contentUrl\":\"https:\/\/secure.gravatar.com\/avatar\/aab0d85895ace57da4c8587c552b51d1?s=96&d=mm&r=g\",\"caption\":\"admin\"},\"url\":\"https:\/\/massa.ind.br\/es\/author\/admin\/\"}]}<\/script>\n<!-- \/ Yoast SEO plugin. -->","yoast_head_json":{"title":"Agroneg\u00f3cio cresce na pandemia - Massa Pesagem e Automa\u00e7\u00e3o","description":"Apesar de toda a crise econ\u00f4nica envolvendo o Covid-19, o agroneg\u00f3cio cresce na pandemia, fortalecendo a necessidade de investimentos em novas ferrovias.","robots":{"index":"index","follow":"follow","max-snippet":"max-snippet:-1","max-image-preview":"max-image-preview:large","max-video-preview":"max-video-preview:-1"},"canonical":"https:\/\/massa.ind.br\/es\/agronegocio-cresce-na-pandemia\/agronegocio-cresce-na-pandemia\/","og_locale":"es_ES","og_type":"article","og_title":"Agroneg\u00f3cio cresce na pandemia - Massa Pesagem e Automa\u00e7\u00e3o","og_description":"Apesar de toda a crise econ\u00f4nica envolvendo o Covid-19, o agroneg\u00f3cio cresce na pandemia, fortalecendo a necessidade de investimentos em novas ferrovias.","og_url":"https:\/\/massa.ind.br\/es\/agronegocio-cresce-na-pandemia\/agronegocio-cresce-na-pandemia\/","og_site_name":"Massa - Pesagem e Automa\u00e7\u00e3o Industrial","article_published_time":"2022-03-28T11:04:22+00:00","article_modified_time":"2023-01-13T11:57:01+00:00","og_image":[{"width":1000,"height":563,"url":"https:\/\/massa.ind.br\/wp-content\/uploads\/2022\/03\/foggy-scenery-of-train-on-the-railroad-2021-09-02-15-12-43-utc.png","type":"image\/png"}],"author":"admin","twitter_card":"summary_large_image","twitter_misc":{"Escrito por":"admin","Tiempo de lectura":"5 minutos"},"schema":{"@context":"https:\/\/schema.org","@graph":[{"@type":"WebPage","@id":"https:\/\/massa.ind.br\/en\/agronegocio-cresce-na-pandemia\/","url":"https:\/\/massa.ind.br\/en\/agronegocio-cresce-na-pandemia\/","name":"Agroneg\u00f3cio cresce na pandemia - Massa Pesagem e Automa\u00e7\u00e3o","isPartOf":{"@id":"https:\/\/massa.ind.br\/#website"},"primaryImageOfPage":{"@id":"https:\/\/massa.ind.br\/en\/agronegocio-cresce-na-pandemia\/#primaryimage"},"image":{"@id":"https:\/\/massa.ind.br\/en\/agronegocio-cresce-na-pandemia\/#primaryimage"},"thumbnailUrl":"https:\/\/massa.ind.br\/wp-content\/uploads\/2022\/03\/foggy-scenery-of-train-on-the-railroad-2021-09-02-15-12-43-utc.png","datePublished":"2022-03-28T11:04:22+00:00","dateModified":"2023-01-13T11:57:01+00:00","author":{"@id":"https:\/\/massa.ind.br\/#\/schema\/person\/8472a35801282c9e7def2659552ed99c"},"description":"Apesar de toda a crise econ\u00f4nica envolvendo o Covid-19, o agroneg\u00f3cio cresce na pandemia, fortalecendo a necessidade de investimentos em novas ferrovias.","breadcrumb":{"@id":"https:\/\/massa.ind.br\/en\/agronegocio-cresce-na-pandemia\/#breadcrumb"},"inLanguage":"es","potentialAction":[{"@type":"ReadAction","target":["https:\/\/massa.ind.br\/en\/agronegocio-cresce-na-pandemia\/"]}]},{"@type":"ImageObject","inLanguage":"es","@id":"https:\/\/massa.ind.br\/en\/agronegocio-cresce-na-pandemia\/#primaryimage","url":"https:\/\/massa.ind.br\/wp-content\/uploads\/2022\/03\/foggy-scenery-of-train-on-the-railroad-2021-09-02-15-12-43-utc.png","contentUrl":"https:\/\/massa.ind.br\/wp-content\/uploads\/2022\/03\/foggy-scenery-of-train-on-the-railroad-2021-09-02-15-12-43-utc.png","width":"1000","height":"563","caption":"Agroneg\u00f3cio cresce na pandemia: Sinais que o setor ferrovi\u00e1rio precisa de investimentos"},{"@type":"BreadcrumbList","@id":"https:\/\/massa.ind.br\/en\/agronegocio-cresce-na-pandemia\/#breadcrumb","itemListElement":[{"@type":"ListItem","position":1,"name":"In\u00edcio","item":"https:\/\/massa.ind.br\/"},{"@type":"ListItem","position":2,"name":"Agroneg\u00f3cio cresce na pandemia: Sinais que o setor ferrovi\u00e1rio precisa de investimentos"}]},{"@type":"WebSite","@id":"https:\/\/massa.ind.br\/#website","url":"https:\/\/massa.ind.br\/","name":"Massa - Pesagem e Automa\u00e7\u00e3o Industrial","description":"S\u00f3 mais um site WordPress","potentialAction":[{"@type":"SearchAction","target":{"@type":"EntryPoint","urlTemplate":"https:\/\/massa.ind.br\/?s={search_term_string}"},"query-input":{"@type":"PropertyValueSpecification","valueRequired":true,"valueName":"search_term_string"}}],"inLanguage":"es"},{"@type":"Person","@id":"https:\/\/massa.ind.br\/#\/schema\/person\/8472a35801282c9e7def2659552ed99c","name":"admin","image":{"@type":"ImageObject","inLanguage":"es","@id":"https:\/\/massa.ind.br\/#\/schema\/person\/image\/","url":"https:\/\/secure.gravatar.com\/avatar\/aab0d85895ace57da4c8587c552b51d1?s=96&d=mm&r=g","contentUrl":"https:\/\/secure.gravatar.com\/avatar\/aab0d85895ace57da4c8587c552b51d1?s=96&d=mm&r=g","caption":"admin"},"url":"https:\/\/massa.ind.br\/es\/author\/admin\/"}]}},"_links":{"self":[{"href":"https:\/\/massa.ind.br\/es\/wp-json\/wp\/v2\/posts\/4248","targetHints":{"allow":["GET"]}}],"collection":[{"href":"https:\/\/massa.ind.br\/es\/wp-json\/wp\/v2\/posts"}],"about":[{"href":"https:\/\/massa.ind.br\/es\/wp-json\/wp\/v2\/types\/post"}],"author":[{"embeddable":true,"href":"https:\/\/massa.ind.br\/es\/wp-json\/wp\/v2\/users\/1"}],"replies":[{"embeddable":true,"href":"https:\/\/massa.ind.br\/es\/wp-json\/wp\/v2\/comments?post=4248"}],"version-history":[{"count":1,"href":"https:\/\/massa.ind.br\/es\/wp-json\/wp\/v2\/posts\/4248\/revisions"}],"predecessor-version":[{"id":4262,"href":"https:\/\/massa.ind.br\/es\/wp-json\/wp\/v2\/posts\/4248\/revisions\/4262"}],"wp:featuredmedia":[{"embeddable":true,"href":"https:\/\/massa.ind.br\/es\/wp-json\/wp\/v2\/media\/4349"}],"wp:attachment":[{"href":"https:\/\/massa.ind.br\/es\/wp-json\/wp\/v2\/media?parent=4248"}],"wp:term":[{"taxonomy":"category","embeddable":true,"href":"https:\/\/massa.ind.br\/es\/wp-json\/wp\/v2\/categories?post=4248"},{"taxonomy":"post_tag","embeddable":true,"href":"https:\/\/massa.ind.br\/es\/wp-json\/wp\/v2\/tags?post=4248"}],"curies":[{"name":"wp","href":"https:\/\/api.w.org\/{rel}","templated":true}]}}